{"id":2293,"date":"2022-09-17T14:30:22","date_gmt":"2022-09-17T14:30:22","guid":{"rendered":"https:\/\/www.femmeharmone.com\/?p=2293"},"modified":"2023-06-28T17:39:40","modified_gmt":"2023-06-28T17:39:40","slug":"hit-kultura-orszagimazs-nem-csak-noi-szemmelmuveszet-es-parbeszed-i","status":"publish","type":"post","link":"http:\/\/www.femmeharmone.com\/eng\/blog\/2022\/09\/17\/hit-kultura-orszagimazs-nem-csak-noi-szemmelmuveszet-es-parbeszed-i\/","title":{"rendered":"Hit \u2013 Kult\u00fara \u2013 Orsz\u00e1gim\u00e1zs<br> nem csak n\u0151i szemmel<br>M\u0171v\u00e9szet \u00e9s p\u00e1rbesz\u00e9d I."},"content":{"rendered":"<p><\/p>\n\n\n\n<p><\/p>\n\n\n\n<p class=\"has-text-align-center\">A Kort\u00e1rs N\u0151i Reflexi\u00f3k F\u00f3ruma tisztelettel megh\u00edvja \u00d6nt \u00e9s kedves Bar\u00e1tait a XVI. Ars Sacra Fesztiv\u00e1l keret\u00e9ben <br>Gizella <br>Hit \u2013 Kult\u00fara \u2013 Orsz\u00e1gim\u00e1zs nem csak n\u0151i szemmel <br>M\u0171v\u00e9szet \u00e9s p\u00e1rbesz\u00e9d I. <br>c\u00edmmel megrendez\u00e9sre ker\u00fcl\u0151 <br>ki\u00e1ll\u00edt\u00e1s\u00e1ra, k\u00f6nyvbemutat\u00f3j\u00e1ra \u00e9s konferenci\u00e1j\u00e1ra <\/p>\n\n\n\n<p class=\"has-text-align-center\">Helysz\u00edn: Szent Atan\u00e1z G\u00f6r\u00f6gkatolikus Hittudom\u00e1nyi F\u0151iskola <br>4400 Ny\u00edregyh\u00e1za, Bethlen G\u00e1bor u. 13-19. <br>Id\u0151pont: 2022. 09. 19. 14:00-18:30<\/p>\n\n\n\n<div data-wp-interactive=\"core\/file\" class=\"wp-block-file\"><object data-wp-bind--hidden=\"!state.hasPdfPreview\"  class=\"wp-block-file__embed\" data=\"https:\/\/www.femmeharmone.com\/wp-content\/uploads\/2022\/09\/MeghivoI.pdf\" type=\"application\/pdf\" style=\"width:100%;height:1505px\" aria-label=\"Embed of MeghivoI.\"><\/object><a id=\"wp-block-file--media-4f590585-c736-4705-b784-87faebf537e3\" href=\"https:\/\/www.femmeharmone.com\/wp-content\/uploads\/2022\/09\/MeghivoI.pdf\">MeghivoI<\/a><a href=\"https:\/\/www.femmeharmone.com\/wp-content\/uploads\/2022\/09\/MeghivoI.pdf\" class=\"wp-block-file__button wp-element-button\" download aria-describedby=\"wp-block-file--media-4f590585-c736-4705-b784-87faebf537e3\">Let\u00f6lt\u00e9s<\/a><\/div>\n\n\n\n<div data-wp-interactive=\"core\/file\" class=\"wp-block-file\"><object data-wp-bind--hidden=\"!state.hasPdfPreview\"  class=\"wp-block-file__embed\" data=\"https:\/\/www.femmeharmone.com\/wp-content\/uploads\/2022\/09\/ProgramI.pdf\" type=\"application\/pdf\" style=\"width:100%;height:1505px\" aria-label=\"Embed of ProgramI.\"><\/object><a id=\"wp-block-file--media-3a185e58-3a25-4ae6-a853-bb14cdb16776\" href=\"https:\/\/www.femmeharmone.com\/wp-content\/uploads\/2022\/09\/ProgramI.pdf\">ProgramI<\/a><a href=\"https:\/\/www.femmeharmone.com\/wp-content\/uploads\/2022\/09\/ProgramI.pdf\" class=\"wp-block-file__button wp-element-button\" download aria-describedby=\"wp-block-file--media-3a185e58-3a25-4ae6-a853-bb14cdb16776\">Let\u00f6lt\u00e9s<\/a><\/div>","protected":false},"excerpt":{"rendered":"<p>A Kort\u00e1rs N\u0151i Reflexi\u00f3k F\u00f3ruma tisztelettel megh\u00edvja \u00d6nt \u00e9s kedves Bar\u00e1tait a XVI. Ars Sacra Fesztiv\u00e1l keret\u00e9ben Gizella Hit \u2013 Kult\u00fara \u2013 Orsz\u00e1gim\u00e1zs nem csak n\u0151i szemmel M\u0171v\u00e9szet \u00e9s p\u00e1rbesz\u00e9d I. c\u00edmmel megrendez\u00e9sre ker\u00fcl\u0151 ki\u00e1ll\u00edt\u00e1s\u00e1ra, k\u00f6nyvbemutat\u00f3j\u00e1ra \u00e9s konferenci\u00e1j\u00e1ra Helysz\u00edn: Szent Atan\u00e1z G\u00f6r\u00f6gkatolikus Hittudom\u00e1nyi F\u0151iskola 4400 Ny\u00edregyh\u00e1za, Bethlen G\u00e1bor u. 13-19. Id\u0151pont: 2022. 09. 19. 14:00-18:30<\/p>","protected":false},"author":1,"featured_media":2294,"comment_status":"closed","ping_status":"closed","sticky":false,"template":"","format":"standard","meta":{"inline_featured_image":false,"footnotes":""},"categories":[9],"tags":[],"_links":{"self":[{"href":"http:\/\/www.femmeharmone.com\/eng\/wp-json\/wp\/v2\/posts\/2293"}],"collection":[{"href":"http:\/\/www.femmeharmone.com\/eng\/wp-json\/wp\/v2\/posts"}],"about":[{"href":"http:\/\/www.femmeharmone.com\/eng\/wp-json\/wp\/v2\/types\/post"}],"author":[{"embeddable":true,"href":"http:\/\/www.femmeharmone.com\/eng\/wp-json\/wp\/v2\/users\/1"}],"replies":[{"embeddable":true,"href":"http:\/\/www.femmeharmone.com\/eng\/wp-json\/wp\/v2\/comments?post=2293"}],"version-history":[{"count":10,"href":"http:\/\/www.femmeharmone.com\/eng\/wp-json\/wp\/v2\/posts\/2293\/revisions"}],"predecessor-version":[{"id":3504,"href":"http:\/\/www.femmeharmone.com\/eng\/wp-json\/wp\/v2\/posts\/2293\/revisions\/3504"}],"wp:featuredmedia":[{"embeddable":true,"href":"http:\/\/www.femmeharmone.com\/eng\/wp-json\/wp\/v2\/media\/2294"}],"wp:attachment":[{"href":"http:\/\/www.femmeharmone.com\/eng\/wp-json\/wp\/v2\/media?parent=2293"}],"wp:term":[{"taxonomy":"category","embeddable":true,"href":"http:\/\/www.femmeharmone.com\/eng\/wp-json\/wp\/v2\/categories?post=2293"},{"taxonomy":"post_tag","embeddable":true,"href":"http:\/\/www.femmeharmone.com\/eng\/wp-json\/wp\/v2\/tags?post=2293"}],"curies":[{"name":"wp","href":"https:\/\/api.w.org\/{rel}","templated":true}]}}