{"id":2562,"date":"2022-10-20T00:00:48","date_gmt":"2022-10-20T00:00:48","guid":{"rendered":"https:\/\/www.femmeharmone.com\/?p=2562"},"modified":"2023-06-28T17:35:44","modified_gmt":"2023-06-28T17:35:44","slug":"magyar-nagyasszonyok-eloadas","status":"publish","type":"post","link":"http:\/\/www.femmeharmone.com\/eng\/blog\/2022\/10\/20\/magyar-nagyasszonyok-eloadas\/","title":{"rendered":"Magyar nagyasszonyok &#8211; el\u0151ad\u00e1s"},"content":{"rendered":"<p>2022. okt\u00f3ber 25-\u00e9n, kedden 18 \u00f3rai kezdettel&nbsp;<strong>MAGYAR NAGYASSZONYOK<\/strong>&nbsp;c\u00edmmel&nbsp;<em>Dr. \u00dajv\u00e1ry Zsuzsanna<\/em>&nbsp;vet\u00edtettk\u00e9pes el\u0151ad\u00e1s\u00e1ra ker\u00fcl sor a J\u00f3zsa Judit Gal\u00e9ri\u00e1ban. <br>A vend\u00e9geket k\u00f6sz\u00f6nti:&nbsp;<em>Dr. Gy\u00f6ngyi Major<\/em>, a Kort\u00e1rs N\u0151i Reflexi\u00f3k F\u00f3ruma eln\u00f6ke <br>A felk\u00e9rt el\u0151ad\u00f3:&nbsp;<em>Dr. \u00dajv\u00e1ry Zsuzsanna<\/em>&nbsp;t\u00f6rt\u00e9n\u00e9sz, a Kort\u00e1rs N\u0151i Reflexi\u00f3k F\u00f3ruma tudom\u00e1nyos munkat\u00e1rsa, a P\u00e1zm\u00e1ny P\u00e9ter Katolikus Egyetem T\u00f6rt\u00e9nettudom\u00e1nyi Iskol\u00e1j\u00e1nak professzora <br>Az est h\u00e1zigazd\u00e1ja:&nbsp;<em>Judit J\u00f3zsa<\/em>&nbsp;keramikus, m\u0171v\u00e9szett\u00f6rt\u00e9n\u00e9sz <br>A J\u00f3zsa Judit M\u0171v\u00e9szeti Alap\u00edtv\u00e1ny \u00e9s a Kort\u00e1rs N\u0151i Reflexi\u00f3k F\u00f3ruma egy\u00fcttm\u0171k\u00f6d\u00e9s\u00e9nek eredm\u00e9nyek\u00e9nt ind\u00edtott rendezv\u00e9nysorozat \u00fajabb estj\u00e9n \u00e9rdemes r\u00e9szt venni, szeretettel v\u00e1runk minden kedves \u00e9rdekl\u0151d\u0151t!<\/p>","protected":false},"excerpt":{"rendered":"<p>2022. okt\u00f3ber 25-\u00e9n, kedden 18 \u00f3rai kezdettel&nbsp;MAGYAR NAGYASSZONYOK&nbsp;c\u00edmmel&nbsp;Dr. \u00dajv\u00e1ry Zsuzsanna&nbsp;vet\u00edtettk\u00e9pes el\u0151ad\u00e1s\u00e1ra ker\u00fcl sor a J\u00f3zsa Judit Gal\u00e9ri\u00e1ban. A vend\u00e9geket k\u00f6sz\u00f6nti:&nbsp;Dr. Major Gy\u00f6ngyi, a Kort\u00e1rs N\u0151i Reflexi\u00f3k F\u00f3ruma eln\u00f6ke A felk\u00e9rt el\u0151ad\u00f3:&nbsp;Dr. \u00dajv\u00e1ry Zsuzsanna&nbsp;t\u00f6rt\u00e9n\u00e9sz, a Kort\u00e1rs N\u0151i Reflexi\u00f3k F\u00f3ruma tudom\u00e1nyos munkat\u00e1rsa, a P\u00e1zm\u00e1ny P\u00e9ter Katolikus Egyetem T\u00f6rt\u00e9nettudom\u00e1nyi Iskol\u00e1j\u00e1nak professzora Az est h\u00e1zigazd\u00e1ja:&nbsp;J\u00f3zsa Judit&nbsp;keramikus, m\u0171v\u00e9szett\u00f6rt\u00e9n\u00e9sz A J\u00f3zsa&hellip;<\/p>","protected":false},"author":1,"featured_media":2563,"comment_status":"closed","ping_status":"closed","sticky":false,"template":"","format":"standard","meta":{"inline_featured_image":false,"footnotes":""},"categories":[9],"tags":[],"_links":{"self":[{"href":"http:\/\/www.femmeharmone.com\/eng\/wp-json\/wp\/v2\/posts\/2562"}],"collection":[{"href":"http:\/\/www.femmeharmone.com\/eng\/wp-json\/wp\/v2\/posts"}],"about":[{"href":"http:\/\/www.femmeharmone.com\/eng\/wp-json\/wp\/v2\/types\/post"}],"author":[{"embeddable":true,"href":"http:\/\/www.femmeharmone.com\/eng\/wp-json\/wp\/v2\/users\/1"}],"replies":[{"embeddable":true,"href":"http:\/\/www.femmeharmone.com\/eng\/wp-json\/wp\/v2\/comments?post=2562"}],"version-history":[{"count":3,"href":"http:\/\/www.femmeharmone.com\/eng\/wp-json\/wp\/v2\/posts\/2562\/revisions"}],"predecessor-version":[{"id":3498,"href":"http:\/\/www.femmeharmone.com\/eng\/wp-json\/wp\/v2\/posts\/2562\/revisions\/3498"}],"wp:featuredmedia":[{"embeddable":true,"href":"http:\/\/www.femmeharmone.com\/eng\/wp-json\/wp\/v2\/media\/2563"}],"wp:attachment":[{"href":"http:\/\/www.femmeharmone.com\/eng\/wp-json\/wp\/v2\/media?parent=2562"}],"wp:term":[{"taxonomy":"category","embeddable":true,"href":"http:\/\/www.femmeharmone.com\/eng\/wp-json\/wp\/v2\/categories?post=2562"},{"taxonomy":"post_tag","embeddable":true,"href":"http:\/\/www.femmeharmone.com\/eng\/wp-json\/wp\/v2\/tags?post=2562"}],"curies":[{"name":"wp","href":"https:\/\/api.w.org\/{rel}","templated":true}]}}