{"id":2581,"date":"2022-11-14T22:29:59","date_gmt":"2022-11-14T22:29:59","guid":{"rendered":"https:\/\/www.femmeharmone.com\/?p=2581"},"modified":"2023-06-28T17:35:26","modified_gmt":"2023-06-28T17:35:26","slug":"juan-luis-vives-a-neveles-apostola-eloadas","status":"publish","type":"post","link":"http:\/\/www.femmeharmone.com\/eng\/blog\/2022\/11\/14\/juan-luis-vives-a-neveles-apostola-eloadas\/","title":{"rendered":"Juan Luis Vives, a nevel\u00e9s apostola &#8211; el\u0151ad\u00e1s"},"content":{"rendered":"<p>2022. november 16-\u00e1n, szerd\u00e1n 18 \u00f3rai kezdettel <em>Dr. H. Kakucska M\u00e1ria<\/em> (PhD): <strong>Juan Luis Vives, a nevel\u00e9s apostola<\/strong> c. el\u0151ad\u00e1sra ker\u00fcl sor a J\u00f3zsa Judit Gal\u00e9ri\u00e1ban. <br>A vend\u00e9geket k\u00f6sz\u00f6nti: <em>Dr. Gy\u00f6ngyi Major<\/em>, a Kort\u00e1rs N\u0151i Reflexi\u00f3k F\u00f3ruma eln\u00f6ke. <br>A rendezv\u00e9ny szervez\u0151je: <em>Dr. \u00dajv\u00e1ry Zsuzsanna<\/em> t\u00f6rt\u00e9n\u00e9sz, a Kort\u00e1rs N\u0151i Reflexi\u00f3k F\u00f3ruma tudom\u00e1nyos munkat\u00e1rsa, a P\u00e1zm\u00e1ny P\u00e9ter Katolikus Egyetem T\u00f6rt\u00e9nettudom\u00e1nyi Iskol\u00e1j\u00e1nak professzora. Az est h\u00e1zigazd\u00e1ja: J\u00f3zsa Judit ker\u00e1miaszobr\u00e1sz, m\u0171v\u00e9szett\u00f6rt\u00e9n\u00e9sz. <br>A J\u00f3zsa Judit M\u0171v\u00e9szeti Alap\u00edtv\u00e1ny \u00e9s a Kort\u00e1rs N\u0151i Reflexi\u00f3k F\u00f3ruma egy\u00fcttm\u0171k\u00f6d\u00e9s\u00e9nek eredm\u00e9nyek\u00e9nt ind\u00edtott rendezv\u00e9nysorozat \u00fajabb estj\u00e9n \u00e9rdemes r\u00e9szt venni, szeretettel v\u00e1runk minden kedves \u00e9rdekl\u0151d\u0151t!<\/p>","protected":false},"excerpt":{"rendered":"<p>2022. november 16-\u00e1n, szerd\u00e1n 18 \u00f3rai kezdettel Dr. H. Kakucska M\u00e1ria (PhD): Juan Luis Vives, a nevel\u00e9s apostola c. el\u0151ad\u00e1sra ker\u00fcl sor a J\u00f3zsa Judit Gal\u00e9ri\u00e1ban. A vend\u00e9geket k\u00f6sz\u00f6nti: Dr. Major Gy\u00f6ngyi, a Kort\u00e1rs N\u0151i Reflexi\u00f3k F\u00f3ruma eln\u00f6ke. A rendezv\u00e9ny szervez\u0151je: Dr. \u00dajv\u00e1ry Zsuzsanna t\u00f6rt\u00e9n\u00e9sz, a Kort\u00e1rs N\u0151i Reflexi\u00f3k F\u00f3ruma tudom\u00e1nyos munkat\u00e1rsa, a P\u00e1zm\u00e1ny P\u00e9ter&hellip;<\/p>","protected":false},"author":1,"featured_media":2580,"comment_status":"closed","ping_status":"closed","sticky":false,"template":"","format":"standard","meta":{"inline_featured_image":false,"footnotes":""},"categories":[9],"tags":[],"_links":{"self":[{"href":"http:\/\/www.femmeharmone.com\/eng\/wp-json\/wp\/v2\/posts\/2581"}],"collection":[{"href":"http:\/\/www.femmeharmone.com\/eng\/wp-json\/wp\/v2\/posts"}],"about":[{"href":"http:\/\/www.femmeharmone.com\/eng\/wp-json\/wp\/v2\/types\/post"}],"author":[{"embeddable":true,"href":"http:\/\/www.femmeharmone.com\/eng\/wp-json\/wp\/v2\/users\/1"}],"replies":[{"embeddable":true,"href":"http:\/\/www.femmeharmone.com\/eng\/wp-json\/wp\/v2\/comments?post=2581"}],"version-history":[{"count":2,"href":"http:\/\/www.femmeharmone.com\/eng\/wp-json\/wp\/v2\/posts\/2581\/revisions"}],"predecessor-version":[{"id":2583,"href":"http:\/\/www.femmeharmone.com\/eng\/wp-json\/wp\/v2\/posts\/2581\/revisions\/2583"}],"wp:featuredmedia":[{"embeddable":true,"href":"http:\/\/www.femmeharmone.com\/eng\/wp-json\/wp\/v2\/media\/2580"}],"wp:attachment":[{"href":"http:\/\/www.femmeharmone.com\/eng\/wp-json\/wp\/v2\/media?parent=2581"}],"wp:term":[{"taxonomy":"category","embeddable":true,"href":"http:\/\/www.femmeharmone.com\/eng\/wp-json\/wp\/v2\/categories?post=2581"},{"taxonomy":"post_tag","embeddable":true,"href":"http:\/\/www.femmeharmone.com\/eng\/wp-json\/wp\/v2\/tags?post=2581"}],"curies":[{"name":"wp","href":"https:\/\/api.w.org\/{rel}","templated":true}]}}