{"id":292,"date":"2021-12-21T15:16:36","date_gmt":"2021-12-21T15:16:36","guid":{"rendered":"https:\/\/www.femmeharmone.com\/?p=292"},"modified":"2022-05-05T12:43:33","modified_gmt":"2022-05-05T12:43:33","slug":"teszt","status":"publish","type":"post","link":"http:\/\/www.femmeharmone.com\/eng\/blog\/2021\/12\/21\/teszt\/","title":{"rendered":"Luca napja &#8211; ki\u00e1ll\u00edt\u00e1s"},"content":{"rendered":"<p>A Kort\u00e1rs N\u0151i Reflexi\u00f3k F\u00f3ruma a v\u00e1ls\u00e1gokkal terhelt jelenben k\u00fcldet\u00e9s\u00e9nek tekinti az egyens\u00faly \u2013 vagy t\u00e1gabb \u00e9rtelemben a harm\u00f3nia lehet\u0151s\u00e9g\u00e9nek megtal\u00e1l\u00e1s\u00e1t \u00e9s reprezent\u00e1ci\u00f3j\u00e1t \u00fagy szem\u00e9lyes, mint t\u00e1rsadalmi viszonylatban. Ennek alapfelt\u00e9tele a harm\u00f3nia \u00e9s egyens\u00faly megtal\u00e1l\u00e1sa saj\u00e1t gy\u00f6kereinkkel, azzal a hagyom\u00e1nnyal, ami \u00e9vsz\u00e1zadokon, vagy ak\u00e1r \u00e9vezredeken \u00e1t \u00f6r\u00f6kl\u0151d\u00f6tt ap\u00e1r\u00f3l fi\u00fara \u00e9s any\u00e1r\u00f3l le\u00e1nyra, m\u00edgnem most, az inform\u00e1ci\u00f3robban\u00e1s kor\u00e1ban h\u00e1tt\u00e9rbe szorul \u00e9s kiker\u00fcl a tudatokb\u00f3l, lassan kiker\u00fcl a kult\u00far\u00e1b\u00f3l. Ugyanakkor remek alkalom a m\u00e9g megl\u00e9v\u0151 \u00fcnnepeink alkalm\u00e1val lefejteni a felsz\u00edni ismereti r\u00e9tegeket, \u00e9s kiss\u00e9 a m\u00e9ly\u00e9re n\u00e9zni annak, ami a hagyom\u00e1nyos \u00fcnnepk\u00f6rben rendszert alkotott, szervesen belesimulva az \u00e9ves ciklusok \u00e1ltal szab\u00e1lyozott \u00e9letbe. Csek\u00e9ly ut\u00e1nj\u00e1r\u00e1ssal t\u00f6bb dolog nagyon gyorsan kider\u00edthet\u0151. &nbsp;&nbsp;&nbsp;&nbsp;&nbsp;&nbsp;&nbsp;&nbsp;&nbsp;&nbsp;&nbsp;<\/p>\n<p>Egyr\u00e9szt nemcsak a k\u00f6zvetlen felmen\u0151ink, vagy az \u0151 felmen\u0151ik vettek r\u00e9szt az \u00fcnnepek hagyom\u00e1nyos r\u00edtusaiban, hanem n\u00e9mi ut\u00e1nj\u00e1r\u00e1ssal m\u00e9g mindig tal\u00e1lhat\u00f3k olyan vid\u00e9kek, ahol ak\u00e1r a maga eredetis\u00e9g\u00e9ben, ak\u00e1r tudatos hagyom\u00e1ny\u00e1pol\u00e1si sz\u00e1nd\u00e9kkal, egy-egy falu-k\u00f6z\u00f6ss\u00e9gben m\u00e9g mindig \u00e1polj\u00e1k a r\u00e9gi szok\u00e1sokat.&nbsp; M\u00e9ghozz\u00e1 nem utols\u00f3sorban az\u00e9rt, mert ezek a szok\u00e1sok rendk\u00edv\u00fcl sz\u00f3rakoztat\u00f3k. Sokszor kiv\u00e9teles alkalmat adnak egym\u00e1s heccel\u00e9s\u00e9re, vagy olyan jelleg\u0171 kibesz\u00e9l\u00e9sekre, amelyek m\u00e1skor az illem hat\u00e1rait, vagy a megengedhet\u0151 \u0151szintes\u00e9gi fokot l\u00e9pn\u00e9k t\u00fal.<\/p>\n<p>Ilyen \u2013 nagyon is sz\u00f3rakoztat\u00f3 \u2013 \u00fcnnep\u00fcnk a Luca nap, aminek megvannak a speci\u00e1lisan magyar mot\u00edvumai, de egy\u00e9bk\u00e9nt eg\u00e9sz Eur\u00f3p\u00e1ban ismert, s n\u00e9mik\u00e9pp a kereszt\u00e9nys\u00e9g \u00e1ltal megszelid\u00edtett, de alapvet\u0151en a boszork\u00e1nys\u00e1ghoz kapcsol\u00f3d\u00f3 mot\u00edvumokat hordoz.<\/p>\n<p>\u00d6nmag\u00e1ban m\u00e1r az is rendk\u00edv\u00fcl \u00e9rdekes, hogy milyen \u00e1tv\u00e1ltoz\u00e1sokon ment \u00e1t egy kereszt\u00e9nys\u00e9g el\u0151tti korb\u00f3l meg\u00f6r\u00f6k\u00f6lt \u00fcnnep, m\u00edg eljutott mai form\u00e1iig, s szerte a vil\u00e1gban lelkes m\u0171vel\u0151it mozgatva meg a villanyaut\u00f3k \u00e9s az \u0171rhaj\u00f3k t\u00e1rsas\u00e1g\u00e1ban.<\/p>\n<p>Ennek bizonyosan az is oka, hogy ez az \u00fcnnep a n\u0151is\u00e9ghez k\u00f6t\u0151dik, s valljuk be, benn\u00fcnket a technika csod\u00e1i kev\u00e9sb\u00e9 ny\u0171g\u00f6znek le, s tudattalan tartom\u00e1nyaink adnak le bizonyos jelz\u00e9seket, ha olyan fogalmak ker\u00fclnek sz\u00f3ba, mint a boszork\u00e1nys\u00e1g. Jelenthet ez a fogalom ak\u00e1r j\u00f3t, ak\u00e1r rosszat \u2013 amint majd a ki\u00e1ll\u00edt\u00e1s anyag\u00e1ban mindkett\u0151re lesz p\u00e9lda \u2013 a hagyom\u00e1nyban ez az \u00fcnnep szorosan kapcsol\u00f3dik az \u00e9v legr\u00f6videbb napj\u00e1hoz, amikor leghosszabb a s\u00f6t\u00e9ts\u00e9g, legkev\u00e9sb\u00e9 k\u00edn\u00e1lkozik k\u00e9zzelfoghat\u00f3nak a j\u00f6v\u0151be vetett hit, amikor csak a s\u00f6t\u00e9tet is otthonuknak meg\u00e9l\u0151 lelkek maradnak szil\u00e1rdak \u00e9s \u00e1lhatatosak. &#8211; H\u00e1t ezek a boszork\u00e1nyok. \u0150k k\u00eds\u00e9rnek \u00e1t benn\u00fcnket a n\u00f6vekv\u0151 f\u00e9nybe, s int\u00e9znek el helyett\u00fcnk fontos dolgokat a s\u00f6t\u00e9ts\u00e9gben, amikr\u0151l mi nem is tudunk.<\/p>\n<p>Mindez m\u00e1ra, a tudom\u00e1ny f\u00e9nyt\u00f6r\u00e9s\u00e9ben saj\u00e1ts\u00e1gosan felt\u00e1rhat\u00f3v\u00e1 v\u00e1lt, s b\u00e1r bizonyosan \u00e1t\u00e9rtelmez\u0151dnek el\u0151deink fogalmai, az egyens\u00faly \u00e9s a harm\u00f3nia ig\u00e9nye mit sem v\u00e1ltozik. Ennek az \u00e1lland\u00f3s\u00e1gnak k\u00edn\u00e1ljuk itt n\u00e9mi \u00e1ttekint\u00e9s\u00e9t, annak rem\u00e9ny\u00e9ben, hogy lesz akinek m\u00e9lyebb \u00e9rdekl\u0151d\u00e9s\u00e9t is felkelti. Ha lesz ilyen, szeretettel v\u00e1rjuk az \u00e1ltalunk m\u0171velt tudom\u00e1nyos \u00e9s m\u0171v\u00e9szeti rendezv\u00e9nyeinken, vagy ak\u00e1r sorainkba \u2013 ig\u00e9nyes kutat\u00f3 munk\u00e1hoz.<\/p>\n<p>Sz\u00e9kesfeh\u00e9rv\u00e1r, 2021. december 13.<\/p>\n\n\n<p><a href=\"http:\/\/lucanap.hu\/\" target=\"_blank\" rel=\"noreferrer noopener\">http:\/\/lucanap.hu\/<\/a><\/p>","protected":false},"excerpt":{"rendered":"<p>A Kort\u00e1rs N\u0151i Reflexi\u00f3k F\u00f3ruma a v\u00e1ls\u00e1gokkal terhelt jelenben k\u00fcldet\u00e9s\u00e9nek tekinti az egyens\u00faly \u2013 vagy t\u00e1gabb \u00e9rtelemben a harm\u00f3nia lehet\u0151s\u00e9g\u00e9nek megtal\u00e1l\u00e1s\u00e1t \u00e9s reprezent\u00e1ci\u00f3j\u00e1t \u00fagy szem\u00e9lyes, mint t\u00e1rsadalmi viszonylatban. Ennek alapfelt\u00e9tele a harm\u00f3nia \u00e9s egyens\u00faly megtal\u00e1l\u00e1sa saj\u00e1t gy\u00f6kereinkkel, azzal a hagyom\u00e1nnyal, ami \u00e9vsz\u00e1zadokon, vagy ak\u00e1r \u00e9vezredeken \u00e1t \u00f6r\u00f6kl\u0151d\u00f6tt ap\u00e1r\u00f3l fi\u00fara \u00e9s any\u00e1r\u00f3l le\u00e1nyra, m\u00edgnem most, az&hellip;<\/p>","protected":false},"author":2,"featured_media":495,"comment_status":"closed","ping_status":"closed","sticky":false,"template":"","format":"standard","meta":{"inline_featured_image":false,"footnotes":""},"categories":[9],"tags":[],"_links":{"self":[{"href":"http:\/\/www.femmeharmone.com\/eng\/wp-json\/wp\/v2\/posts\/292"}],"collection":[{"href":"http:\/\/www.femmeharmone.com\/eng\/wp-json\/wp\/v2\/posts"}],"about":[{"href":"http:\/\/www.femmeharmone.com\/eng\/wp-json\/wp\/v2\/types\/post"}],"author":[{"embeddable":true,"href":"http:\/\/www.femmeharmone.com\/eng\/wp-json\/wp\/v2\/users\/2"}],"replies":[{"embeddable":true,"href":"http:\/\/www.femmeharmone.com\/eng\/wp-json\/wp\/v2\/comments?post=292"}],"version-history":[{"count":7,"href":"http:\/\/www.femmeharmone.com\/eng\/wp-json\/wp\/v2\/posts\/292\/revisions"}],"predecessor-version":[{"id":1793,"href":"http:\/\/www.femmeharmone.com\/eng\/wp-json\/wp\/v2\/posts\/292\/revisions\/1793"}],"wp:featuredmedia":[{"embeddable":true,"href":"http:\/\/www.femmeharmone.com\/eng\/wp-json\/wp\/v2\/media\/495"}],"wp:attachment":[{"href":"http:\/\/www.femmeharmone.com\/eng\/wp-json\/wp\/v2\/media?parent=292"}],"wp:term":[{"taxonomy":"category","embeddable":true,"href":"http:\/\/www.femmeharmone.com\/eng\/wp-json\/wp\/v2\/categories?post=292"},{"taxonomy":"post_tag","embeddable":true,"href":"http:\/\/www.femmeharmone.com\/eng\/wp-json\/wp\/v2\/tags?post=292"}],"curies":[{"name":"wp","href":"https:\/\/api.w.org\/{rel}","templated":true}]}}