{"id":3234,"date":"2023-01-16T20:46:59","date_gmt":"2023-01-16T20:46:59","guid":{"rendered":"https:\/\/www.femmeharmone.com\/?p=3234"},"modified":"2023-06-28T17:34:22","modified_gmt":"2023-06-28T17:34:22","slug":"erdelyi-fejedelemasszonyok-ii-eloadas","status":"publish","type":"post","link":"http:\/\/www.femmeharmone.com\/eng\/blog\/2023\/01\/16\/erdelyi-fejedelemasszonyok-ii-eloadas\/","title":{"rendered":"Erd\u00e9lyi fejedelemasszonyok II. \u2013 el\u0151ad\u00e1s"},"content":{"rendered":"<div style=\"height:50px\" aria-hidden=\"true\" class=\"wp-block-spacer\"><\/div>\n\n\n\n<p>2023. janu\u00e1r 24-\u00e9n, kedden 18 \u00f3rai kezdettel \u201e<strong>Erd\u00e9lyi fejedelemasszonyok II.<\/strong>\u201d c\u00edmmel <em>Dr. \u00dajv\u00e1ry Zsuzsanna<\/em> t\u00f6rt\u00e9n\u00e9sz vet\u00edtettk\u00e9pes el\u0151ad\u00e1sra ker\u00fcl sor a J\u00f3zsa Judit Gal\u00e9ri\u00e1ban. A vend\u00e9geket k\u00f6sz\u00f6nti: <em>Dr. Gy\u00f6ngyi Major<\/em>, a <strong>Forum for Contemporary Women\u2019s Reflections<\/strong> eln\u00f6ke. <br>Az el\u0151ad\u00f3: Dr. \u00dajv\u00e1ry Zsuzsanna t\u00f6rt\u00e9n\u00e9sz, a Kort\u00e1rs N\u0151i Reflexi\u00f3k F\u00f3ruma tudom\u00e1nyos munkat\u00e1rsa, a P\u00e1zm\u00e1ny P\u00e9ter Katolikus Egyetem T\u00f6rt\u00e9nettudom\u00e1nyi Iskol\u00e1j\u00e1nak professzora, a Kort\u00e1rs N\u0151i Reflexi\u00f3k F\u00f3rum\u00e1nak tudom\u00e1nyos munkat\u00e1rsa <br>Az est h\u00e1zigazd\u00e1ja: <em>Judit J\u00f3zsa<\/em> ker\u00e1miaszobr\u00e1sz, m\u0171v\u00e9szett\u00f6rt\u00e9n\u00e9sz <br>Az el\u0151ad\u00e1s f\u00f3kusz\u00e1ban Apafi Mih\u00e1lyn\u00e9 Bornemisza Anna \u00e9s I. R\u00e1k\u00f3czi Ferenc v\u00e1lasztott erd\u00e9lyi fejedelem \u00f6zvegye, Zr\u00ednyi Ilona \u00e1ll. A J\u00f3zsa Judit M\u0171v\u00e9szeti Alap\u00edtv\u00e1ny \u00e9s a Kort\u00e1rs N\u0151i Reflexi\u00f3k F\u00f3ruma egy\u00fcttm\u0171k\u00f6d\u00e9s\u00e9nek eredm\u00e9nyek\u00e9nt ind\u00edtott rendezv\u00e9nysorozat \u00fajabb estj\u00e9n \u00e9rdemes r\u00e9szt venni, szeretettel v\u00e1runk minden kedves \u00e9rdekl\u0151d\u0151t!<\/p>","protected":false},"excerpt":{"rendered":"<p>2023. janu\u00e1r 24-\u00e9n, kedden 18 \u00f3rai kezdettel \u201eErd\u00e9lyi fejedelemasszonyok II.\u201d c\u00edmmel Dr. \u00dajv\u00e1ry Zsuzsanna t\u00f6rt\u00e9n\u00e9sz vet\u00edtettk\u00e9pes el\u0151ad\u00e1sra ker\u00fcl sor a J\u00f3zsa Judit Gal\u00e9ri\u00e1ban. A vend\u00e9geket k\u00f6sz\u00f6nti: Dr. Major Gy\u00f6ngyi, a Kort\u00e1rs N\u0151i Reflexi\u00f3k F\u00f3ruma eln\u00f6ke. Az el\u0151ad\u00f3: Dr. \u00dajv\u00e1ry Zsuzsanna t\u00f6rt\u00e9n\u00e9sz, a Kort\u00e1rs N\u0151i Reflexi\u00f3k F\u00f3ruma tudom\u00e1nyos munkat\u00e1rsa, a P\u00e1zm\u00e1ny P\u00e9ter Katolikus Egyetem T\u00f6rt\u00e9nettudom\u00e1nyi Iskol\u00e1j\u00e1nak&hellip;<\/p>","protected":false},"author":1,"featured_media":3235,"comment_status":"closed","ping_status":"closed","sticky":false,"template":"","format":"standard","meta":{"inline_featured_image":false,"footnotes":""},"categories":[9],"tags":[],"_links":{"self":[{"href":"http:\/\/www.femmeharmone.com\/eng\/wp-json\/wp\/v2\/posts\/3234"}],"collection":[{"href":"http:\/\/www.femmeharmone.com\/eng\/wp-json\/wp\/v2\/posts"}],"about":[{"href":"http:\/\/www.femmeharmone.com\/eng\/wp-json\/wp\/v2\/types\/post"}],"author":[{"embeddable":true,"href":"http:\/\/www.femmeharmone.com\/eng\/wp-json\/wp\/v2\/users\/1"}],"replies":[{"embeddable":true,"href":"http:\/\/www.femmeharmone.com\/eng\/wp-json\/wp\/v2\/comments?post=3234"}],"version-history":[{"count":4,"href":"http:\/\/www.femmeharmone.com\/eng\/wp-json\/wp\/v2\/posts\/3234\/revisions"}],"predecessor-version":[{"id":3240,"href":"http:\/\/www.femmeharmone.com\/eng\/wp-json\/wp\/v2\/posts\/3234\/revisions\/3240"}],"wp:featuredmedia":[{"embeddable":true,"href":"http:\/\/www.femmeharmone.com\/eng\/wp-json\/wp\/v2\/media\/3235"}],"wp:attachment":[{"href":"http:\/\/www.femmeharmone.com\/eng\/wp-json\/wp\/v2\/media?parent=3234"}],"wp:term":[{"taxonomy":"category","embeddable":true,"href":"http:\/\/www.femmeharmone.com\/eng\/wp-json\/wp\/v2\/categories?post=3234"},{"taxonomy":"post_tag","embeddable":true,"href":"http:\/\/www.femmeharmone.com\/eng\/wp-json\/wp\/v2\/tags?post=3234"}],"curies":[{"name":"wp","href":"https:\/\/api.w.org\/{rel}","templated":true}]}}