{"id":3352,"date":"2023-03-11T02:13:14","date_gmt":"2023-03-11T02:13:14","guid":{"rendered":"https:\/\/www.femmeharmone.com\/?p=3352"},"modified":"2023-06-28T17:32:52","modified_gmt":"2023-06-28T17:32:52","slug":"arpad-hazi-szent-piroska-es-arpad-hazi-szent-margit-es-tisztelete-eloadas","status":"publish","type":"post","link":"http:\/\/www.femmeharmone.com\/eng\/blog\/2023\/03\/11\/arpad-hazi-szent-piroska-es-arpad-hazi-szent-margit-es-tisztelete-eloadas\/","title":{"rendered":"\u00c1rp\u00e1d-h\u00e1zi Szent Piroska \u00e9s \u00c1rp\u00e1d-h\u00e1zi Szent Margit \u00e9s tisztelete \u2013 el\u0151ad\u00e1s"},"content":{"rendered":"<p>2023. m\u00e1rcius 28-\u00e1n, kedden 18 \u00f3rai kezdettel <strong>\u00c1RP\u00c1D-H\u00c1ZI SZENT PIROSKA \u00c9S \u00c1RP\u00c1D-H\u00c1ZI SZENT MARGIT \u00c9S TISZTELETE<\/strong> c\u00edmmel Prokopp M\u00e1ria m\u0171v\u00e9szett\u00f6rt\u00e9n\u00e9sz professzor vet\u00edtettk\u00e9pes el\u0151ad\u00e1sra ker\u00fcl sor a J\u00f3zsa Judit Gal\u00e9ri\u00e1ban. <br>Az el\u0151ad\u00f3: <em>Prof. Dr. M\u00e1ria Prokopp<\/em> Sz\u00e9chenyi-D\u00edjas m\u0171v\u00e9szett\u00f6rt\u00e9n\u00e9sz <br>A vend\u00e9geket k\u00f6sz\u00f6nti: <em>Dr. Gy\u00f6ngyi Major<\/em>, a Kort\u00e1rs N\u0151i Reflexi\u00f3k F\u00f3ruma eln\u00f6ke <br>Az est szervez\u0151je: <em>Dr. \u00dajv\u00e1ry Zsuzsanna<\/em> t\u00f6rt\u00e9n\u00e9sz, a Kort\u00e1rs N\u0151i Reflexi\u00f3k F\u00f3ruma tudom\u00e1nyos munkat\u00e1rsa, a P\u00e1zm\u00e1ny P\u00e9ter Katolikus Egyetem T\u00f6rt\u00e9nettudom\u00e1nyi Iskol\u00e1j\u00e1nak tan\u00e1ra, a Kort\u00e1rs N\u0151i Reflexi\u00f3k F\u00f3rum\u00e1nak tudom\u00e1nyos munkat\u00e1rsa <br>Az est h\u00e1zigazd\u00e1ja: J\u00f3zsa Judit ker\u00e1miaszobr\u00e1sz, m\u0171v\u00e9szett\u00f6rt\u00e9n\u00e9sz <\/p>\n\n\n\n<p>A J\u00f3zsa Judit M\u0171v\u00e9szeti Alap\u00edtv\u00e1ny \u00e9s a Kort\u00e1rs N\u0151i Reflexi\u00f3k F\u00f3ruma egy\u00fcttm\u0171k\u00f6d\u00e9s\u00e9nek eredm\u00e9nyek\u00e9nt a N\u0151k a magyar t\u00f6rt\u00e9nelemben c. rendezv\u00e9nysorozatot Dr. J. \u00dajv\u00e1ry Zsuzsanna egyetemi docens, t\u00f6rt\u00e9n\u00e9sz szervez\u00e9s\u00e9ben 2022 janu\u00e1rj\u00e1ban ind\u00edtottuk. <\/p>\n\n\n\n<p>Az el\u0151ad\u00e1sok azt p\u00e9ld\u00e1zz\u00e1k, hogy Magyarorsz\u00e1gon a n\u0151k helyzete nem olyan volt, mint a legt\u00f6bb, f\u0151k\u00e9nt nyugat-eur\u00f3pai orsz\u00e1gban; vel\u00fck m\u00e1sk\u00e9nt b\u00e1ntak. A f\u00e9rjezett asszonyokat a sz\u00e9p magyar nyelvben igen kifejez\u0151 elnevez\u00e9ssel illett\u00e9k: FELE-S\u00c9G \u2013 vagyis a n\u0151 a f\u00e9rfi\/ f\u00e9rj p\u00e1rja, annak m\u00e1sik fele. E jelens\u00e9gnek t\u00f6bb oka is volt, legf\u0151k\u00e9ppen a nyugat-eur\u00f3pait\u00f3l elt\u00e9r\u0151 \u00f6r\u00f6kl\u00e9si jogrend; a Magyar Kir\u00e1lys\u00e1gban a l\u00e1nyok, asszonyok is \u00f6r\u00f6k\u00f6ltek, saj\u00e1t vagyonuk f\u00f6l\u00f6tt szabadon rendelkezhettek. Az a t\u00e9ny, hogy az orsz\u00e1g \u00e9vsz\u00e1zadokon \u00e1t \u00e9let-hal\u00e1l harcot v\u00edvott a keleti nagy ellens\u00e9ggel, az Oszm\u00e1n Birodalommal, \u00e9s \u00edgy az orsz\u00e1g t\u00e1rsadalma militariz\u00e1l\u00f3dott, nagyban hozz\u00e1j\u00e1rult a n\u0151k saj\u00e1tos helyzet\u00e9hez. A feles\u00e9gek \u2013 a n\u0151i teend\u0151k ell\u00e1t\u00e1sa mellett \u2013 gyakorta \u00e1tvett\u00e9k harcol\u00f3 vagy t\u00e1vol l\u00e9v\u0151 f\u00e9rj\u00fck gazdas\u00e1gi-, gazdas\u00e1gszervez\u00e9si-t\u00e1rsadalmi-, de gyakorta politikai vagy \u00e9ppen katonai feladatait is.<br>Leg\u00fajabb est\u00fcnk\u00f6n is \u00e9rdemes r\u00e9szt venni, szeretettel v\u00e1runk minden kedves \u00e9rdekl\u0151d\u0151t!<\/p>","protected":false},"excerpt":{"rendered":"<p>2023. m\u00e1rcius 28-\u00e1n, kedden 18 \u00f3rai kezdettel \u00c1RP\u00c1D-H\u00c1ZI SZENT PIROSKA \u00c9S \u00c1RP\u00c1D-H\u00c1ZI SZENT MARGIT \u00c9S TISZTELETE c\u00edmmel Prokopp M\u00e1ria m\u0171v\u00e9szett\u00f6rt\u00e9n\u00e9sz professzor vet\u00edtettk\u00e9pes el\u0151ad\u00e1sra ker\u00fcl sor a J\u00f3zsa Judit Gal\u00e9ri\u00e1ban. Az el\u0151ad\u00f3: Prof. Dr. Prokopp M\u00e1ria Sz\u00e9chenyi-D\u00edjas m\u0171v\u00e9szett\u00f6rt\u00e9n\u00e9sz A vend\u00e9geket k\u00f6sz\u00f6nti: Dr. Major Gy\u00f6ngyi, a Kort\u00e1rs N\u0151i Reflexi\u00f3k F\u00f3ruma eln\u00f6ke Az est szervez\u0151je: Dr. \u00dajv\u00e1ry Zsuzsanna&hellip;<\/p>","protected":false},"author":1,"featured_media":3353,"comment_status":"closed","ping_status":"closed","sticky":false,"template":"","format":"standard","meta":{"inline_featured_image":false,"footnotes":""},"categories":[9],"tags":[],"_links":{"self":[{"href":"http:\/\/www.femmeharmone.com\/eng\/wp-json\/wp\/v2\/posts\/3352"}],"collection":[{"href":"http:\/\/www.femmeharmone.com\/eng\/wp-json\/wp\/v2\/posts"}],"about":[{"href":"http:\/\/www.femmeharmone.com\/eng\/wp-json\/wp\/v2\/types\/post"}],"author":[{"embeddable":true,"href":"http:\/\/www.femmeharmone.com\/eng\/wp-json\/wp\/v2\/users\/1"}],"replies":[{"embeddable":true,"href":"http:\/\/www.femmeharmone.com\/eng\/wp-json\/wp\/v2\/comments?post=3352"}],"version-history":[{"count":2,"href":"http:\/\/www.femmeharmone.com\/eng\/wp-json\/wp\/v2\/posts\/3352\/revisions"}],"predecessor-version":[{"id":3356,"href":"http:\/\/www.femmeharmone.com\/eng\/wp-json\/wp\/v2\/posts\/3352\/revisions\/3356"}],"wp:featuredmedia":[{"embeddable":true,"href":"http:\/\/www.femmeharmone.com\/eng\/wp-json\/wp\/v2\/media\/3353"}],"wp:attachment":[{"href":"http:\/\/www.femmeharmone.com\/eng\/wp-json\/wp\/v2\/media?parent=3352"}],"wp:term":[{"taxonomy":"category","embeddable":true,"href":"http:\/\/www.femmeharmone.com\/eng\/wp-json\/wp\/v2\/categories?post=3352"},{"taxonomy":"post_tag","embeddable":true,"href":"http:\/\/www.femmeharmone.com\/eng\/wp-json\/wp\/v2\/tags?post=3352"}],"curies":[{"name":"wp","href":"https:\/\/api.w.org\/{rel}","templated":true}]}}