{"id":3406,"date":"2023-05-04T13:26:56","date_gmt":"2023-05-04T13:26:56","guid":{"rendered":"https:\/\/www.femmeharmone.com\/?p=3406"},"modified":"2023-06-28T17:30:46","modified_gmt":"2023-06-28T17:30:46","slug":"magyarorszagi-maria-napolyi-kiralyne-az-europai-kultura-vezeregyenisege-1270-1323-kozott-53-even-at","status":"publish","type":"post","link":"http:\/\/www.femmeharmone.com\/eng\/blog\/2023\/05\/04\/magyarorszagi-maria-napolyi-kiralyne-az-europai-kultura-vezeregyenisege-1270-1323-kozott-53-even-at\/","title":{"rendered":"Magyarorsz\u00e1gi M\u00e1ria, n\u00e1polyi kir\u00e1lyn\u00e9, az eur\u00f3pai kult\u00fara vez\u00e9regy\u00e9nis\u00e9ge 1270-1323 k\u00f6z\u00f6tt, 53 \u00e9ven \u00e1t"},"content":{"rendered":"<p>2023. m\u00e1jus 23-\u00e1n, kedden 18 \u00f3rai kezdettel <em>Prof. Dr. M\u00e1ria Prokopp<\/em>: \u201e<a href=\"http:\/\/jozsajudit.hu\/szoveg\/Aktual_files\/JJG230523_ProkoppM.jpg\">Magyarorsz\u00e1gi M\u00e1ria, n\u00e1polyi kir\u00e1lyn\u00e9, az eur\u00f3pai kult\u00fara vez\u00e9regy\u00e9nis\u00e9ge 1270-1323 k\u00f6z\u00f6tt, 53 \u00e9ven \u00e1t<\/a>\u201d c. vet\u00edtett k\u00e9pes el\u0151ad\u00e1s\u00e1ra ker\u00fcl sor a J\u00f3zsa Judit Gal\u00e9ri\u00e1ban. <br>Az el\u0151ad\u00f3: <em>Prof. Dr. M\u00e1ria Prokopp<\/em> Sz\u00e9chenyi d\u00edjas m\u0171v\u00e9szett\u00f6rt\u00e9n\u00e9sz. A rendezv\u00e9ny szervez\u0151je: <em>Dr. \u00dajv\u00e1ry Zsuzsanna<\/em> t\u00f6rt\u00e9n\u00e9sz, a Kort\u00e1rs N\u0151i Reflexi\u00f3k F\u00f3ruma tudom\u00e1nyos munkat\u00e1rsa, a P\u00e1zm\u00e1ny P\u00e9ter Katolikus Egyetem T\u00f6rt\u00e9nettudom\u00e1nyi Iskol\u00e1j\u00e1nak tan\u00e1ra, a Kort\u00e1rs N\u0151i Reflexi\u00f3k F\u00f3rum\u00e1nak tudom\u00e1nyos munkat\u00e1rsa. A vend\u00e9geket k\u00f6sz\u00f6nti: <em>Dr. Gy\u00f6ngyi Major<\/em>, a Kort\u00e1rs N\u0151i Reflexi\u00f3k F\u00f3ruma eln\u00f6ke. Az est h\u00e1zigazd\u00e1ja: <em>Judit J\u00f3zsa<\/em> keramikus, m\u0171v\u00e9szett\u00f6rt\u00e9n\u00e9sz.<br>A J\u00f3zsa Judit M\u0171v\u00e9szeti Alap\u00edtv\u00e1ny \u00e9s a Kort\u00e1rs N\u0151i Reflexi\u00f3k F\u00f3ruma egy\u00fcttm\u0171k\u00f6d\u00e9s\u00e9nek eredm\u00e9nyek\u00e9nt a N\u0151k a magyar t\u00f6rt\u00e9nelemben c. rendezv\u00e9nysorozatot Dr. J. \u00dajv\u00e1ry Zsuzsanna egyetemi docens, t\u00f6rt\u00e9n\u00e9sz szervez\u00e9s\u00e9ben 2022 janu\u00e1rj\u00e1ban ind\u00edtottuk. Az elhangzott el\u0151ad\u00e1sokr\u00f3l videofelv\u00e9tel k\u00e9sz\u00fclt, ill. k\u00e9sz\u00fcl, \u00e9s azok mindenkor visszan\u00e9zhet\u0151k a Femme Harmone Arch\u00edvum\u00e1ban.<br>Leg\u00fajabb est\u00fcnk\u00f6n is \u00e9rdemes r\u00e9szt venni, szeretettel v\u00e1runk minden kedves \u00e9rdekl\u0151d\u0151t!<\/p>","protected":false},"excerpt":{"rendered":"<p>2023. m\u00e1jus 23-\u00e1n, kedden 18 \u00f3rai kezdettel Prof. Dr. Prokopp M\u00e1ria: \u201eMagyarorsz\u00e1gi M\u00e1ria, n\u00e1polyi kir\u00e1lyn\u00e9, az eur\u00f3pai kult\u00fara vez\u00e9regy\u00e9nis\u00e9ge 1270-1323 k\u00f6z\u00f6tt, 53 \u00e9ven \u00e1t\u201d c. vet\u00edtett k\u00e9pes el\u0151ad\u00e1s\u00e1ra ker\u00fcl sor a J\u00f3zsa Judit Gal\u00e9ri\u00e1ban. Az el\u0151ad\u00f3: Prof. Dr. Prokopp M\u00e1ria Sz\u00e9chenyi d\u00edjas m\u0171v\u00e9szett\u00f6rt\u00e9n\u00e9sz. A rendezv\u00e9ny szervez\u0151je: Dr. \u00dajv\u00e1ry Zsuzsanna t\u00f6rt\u00e9n\u00e9sz, a Kort\u00e1rs N\u0151i Reflexi\u00f3k F\u00f3ruma&hellip;<\/p>","protected":false},"author":1,"featured_media":3407,"comment_status":"closed","ping_status":"closed","sticky":false,"template":"","format":"standard","meta":{"inline_featured_image":false,"footnotes":""},"categories":[9],"tags":[],"_links":{"self":[{"href":"http:\/\/www.femmeharmone.com\/eng\/wp-json\/wp\/v2\/posts\/3406"}],"collection":[{"href":"http:\/\/www.femmeharmone.com\/eng\/wp-json\/wp\/v2\/posts"}],"about":[{"href":"http:\/\/www.femmeharmone.com\/eng\/wp-json\/wp\/v2\/types\/post"}],"author":[{"embeddable":true,"href":"http:\/\/www.femmeharmone.com\/eng\/wp-json\/wp\/v2\/users\/1"}],"replies":[{"embeddable":true,"href":"http:\/\/www.femmeharmone.com\/eng\/wp-json\/wp\/v2\/comments?post=3406"}],"version-history":[{"count":1,"href":"http:\/\/www.femmeharmone.com\/eng\/wp-json\/wp\/v2\/posts\/3406\/revisions"}],"predecessor-version":[{"id":3408,"href":"http:\/\/www.femmeharmone.com\/eng\/wp-json\/wp\/v2\/posts\/3406\/revisions\/3408"}],"wp:featuredmedia":[{"embeddable":true,"href":"http:\/\/www.femmeharmone.com\/eng\/wp-json\/wp\/v2\/media\/3407"}],"wp:attachment":[{"href":"http:\/\/www.femmeharmone.com\/eng\/wp-json\/wp\/v2\/media?parent=3406"}],"wp:term":[{"taxonomy":"category","embeddable":true,"href":"http:\/\/www.femmeharmone.com\/eng\/wp-json\/wp\/v2\/categories?post=3406"},{"taxonomy":"post_tag","embeddable":true,"href":"http:\/\/www.femmeharmone.com\/eng\/wp-json\/wp\/v2\/tags?post=3406"}],"curies":[{"name":"wp","href":"https:\/\/api.w.org\/{rel}","templated":true}]}}