{"id":4358,"date":"2024-05-14T08:49:40","date_gmt":"2024-05-14T08:49:40","guid":{"rendered":"https:\/\/www.femmeharmone.com\/?p=4358"},"modified":"2024-06-16T10:26:30","modified_gmt":"2024-06-16T10:26:30","slug":"a-ket-rakoczi-fejedelem-uralma-erdelyben-erdely-tatar-dulasa","status":"publish","type":"post","link":"http:\/\/www.femmeharmone.com\/eng\/blog\/2024\/05\/14\/a-ket-rakoczi-fejedelem-uralma-erdelyben-erdely-tatar-dulasa\/","title":{"rendered":"A k\u00e9t R\u00e1k\u00f3czi fejedelem uralma Erd\u00e9lyben. Erd\u00e9ly tat\u00e1r-d\u00fal\u00e1sa"},"content":{"rendered":"<p>2024. m\u00e1jus 28-\u00e1n, kedden 18 \u00f3rai kezdettel <em>Dr. Zsuzsanna J. \u00dajv\u00e1ry<\/em>: \u201e<strong>A k\u00e9t R\u00e1k\u00f3czi fejedelem uralma Erd\u00e9lyben. Erd\u00e9ly tat\u00e1r-d\u00fal\u00e1sa<\/strong>\u201d c. vet\u00edtettk\u00e9pes el\u0151ad\u00e1s\u00e1ra ker\u00fcl sor. <br>A vend\u00e9geket k\u00f6sz\u00f6nti: <em>Dr. Gy\u00f6ngyi Major<\/em>, a Kort\u00e1rs N\u0151i Reflexi\u00f3k F\u00f3ruma eln\u00f6ke. <br>Az est h\u00e1zigazd\u00e1ja: <em>Judit J\u00f3zsa<\/em> ker\u00e1miaszobr\u00e1sz, m\u0171v\u00e9szett\u00f6rt\u00e9n\u00e9sz.<br><\/p>\n\n\n\n<p>A J\u00f3zsa Judit M\u0171v\u00e9szeti Alap\u00edtv\u00e1ny \u00e9s a Kort\u00e1rs N\u0151i Reflexi\u00f3k F\u00f3ruma egy\u00fcttm\u0171k\u00f6d\u00e9s\u00e9nek eredm\u00e9nyek\u00e9nt a kor\u00e1bbi, a <strong>\u201eN\u0151k a magyar t\u00f6rt\u00e9nelemben\u201d<\/strong> c. rendezv\u00e9nysorozatot <em>Dr. Zsuzsanna J. \u00dajv\u00e1ry<\/em> egyetemi docens, t\u00f6rt\u00e9n\u00e9sz szervez\u00e9s\u00e9ben 2022. janu\u00e1rj\u00e1ban ind\u00edtottuk. <\/p>\n\n\n\n<p>A mostani \u00faj, vet\u00edtettk\u00e9pes, t\u00f6rt\u00e9nettudom\u00e1nyi el\u0151ad\u00e1ssorozatunk 2023. szeptember\u00e9ben indult, \u201e<strong><strong>Magyarorsz\u00e1g: a kereszt\u00e9nys\u00e9g v\u00e9d\u0151b\u00e1sty\u00e1ja &#8211; A Magyar Kir\u00e1lys\u00e1g \u00e9let-hal\u00e1l harca az Oszm\u00e1n Birodalom ellen<\/strong><\/strong>\u201d c\u00edmmel, <em>Dr. J.\u00dajv\u00e1ry Zsuzsanna<\/em> t\u00f6rt\u00e9n\u00e9sz el\u0151ad\u00e1s-sorozata. <\/p>","protected":false},"excerpt":{"rendered":"<p>2024. m\u00e1jus 28-\u00e1n, kedden 18 \u00f3rai kezdettel dr. J. \u00dajv\u00e1ry Zsuzsanna: \u201eA k\u00e9t R\u00e1k\u00f3czi fejedelem uralma Erd\u00e9lyben. Erd\u00e9ly tat\u00e1r-d\u00fal\u00e1sa\u201d c. vet\u00edtettk\u00e9pes el\u0151ad\u00e1s\u00e1ra ker\u00fcl sor a J\u00f3zsa Judit Gal\u00e9ri\u00e1ban. <\/p>","protected":false},"author":1,"featured_media":4359,"comment_status":"closed","ping_status":"open","sticky":false,"template":"","format":"standard","meta":{"inline_featured_image":false,"footnotes":""},"categories":[9],"tags":[],"_links":{"self":[{"href":"http:\/\/www.femmeharmone.com\/eng\/wp-json\/wp\/v2\/posts\/4358"}],"collection":[{"href":"http:\/\/www.femmeharmone.com\/eng\/wp-json\/wp\/v2\/posts"}],"about":[{"href":"http:\/\/www.femmeharmone.com\/eng\/wp-json\/wp\/v2\/types\/post"}],"author":[{"embeddable":true,"href":"http:\/\/www.femmeharmone.com\/eng\/wp-json\/wp\/v2\/users\/1"}],"replies":[{"embeddable":true,"href":"http:\/\/www.femmeharmone.com\/eng\/wp-json\/wp\/v2\/comments?post=4358"}],"version-history":[{"count":5,"href":"http:\/\/www.femmeharmone.com\/eng\/wp-json\/wp\/v2\/posts\/4358\/revisions"}],"predecessor-version":[{"id":4453,"href":"http:\/\/www.femmeharmone.com\/eng\/wp-json\/wp\/v2\/posts\/4358\/revisions\/4453"}],"wp:featuredmedia":[{"embeddable":true,"href":"http:\/\/www.femmeharmone.com\/eng\/wp-json\/wp\/v2\/media\/4359"}],"wp:attachment":[{"href":"http:\/\/www.femmeharmone.com\/eng\/wp-json\/wp\/v2\/media?parent=4358"}],"wp:term":[{"taxonomy":"category","embeddable":true,"href":"http:\/\/www.femmeharmone.com\/eng\/wp-json\/wp\/v2\/categories?post=4358"},{"taxonomy":"post_tag","embeddable":true,"href":"http:\/\/www.femmeharmone.com\/eng\/wp-json\/wp\/v2\/tags?post=4358"}],"curies":[{"name":"wp","href":"https:\/\/api.w.org\/{rel}","templated":true}]}}