{"id":4853,"date":"2024-10-11T15:52:11","date_gmt":"2024-10-11T15:52:11","guid":{"rendered":"https:\/\/www.femmeharmone.com\/?p=4853"},"modified":"2024-10-11T15:56:50","modified_gmt":"2024-10-11T15:56:50","slug":"eletmod-es-anyagi-kultura-a-magyar-kiralysagban-az-ujkorban","status":"publish","type":"post","link":"http:\/\/www.femmeharmone.com\/eng\/blog\/2024\/10\/11\/eletmod-es-anyagi-kultura-a-magyar-kiralysagban-az-ujkorban\/","title":{"rendered":"Hol \u00e9ltek el\u0151deink? V\u00e1r, kast\u00e9ly, v\u00e1rosi \u00e9s falusi h\u00e1zak"},"content":{"rendered":"<p>2024. okt\u00f3ber 15-\u00e9n, kedden 18 \u00f3rai kezdettel <em>Dr. Zsuzsanna J. \u00dajv\u00e1ry<\/em>: \u201d<strong>Hol \u00e9ltek el\u0151deink? V\u00e1r, kast\u00e9ly, v\u00e1rosi \u00e9s falusi h\u00e1zak<\/strong>\u201d c. vet\u00edtettk\u00e9pes el\u0151ad\u00e1s\u00e1ra ker\u00fcl sor.<br>A KNRF fenti rendezv\u00e9nyeit Dr. J. \u00dajv\u00e1ry Zsuzsanna t\u00f6rt\u00e9n\u00e9sz, a P\u00e1zm\u00e1ny P\u00e9ter Katolikus Egyetem T\u00f6rt\u00e9nettudom\u00e1nyi Doktori Iskol\u00e1j\u00e1nak tan\u00e1ra, a Kort\u00e1rs N\u0151i Reflexi\u00f3k F\u00f3ruma tudom\u00e1nyos igazgat\u00f3ja szervezi.<br>A vend\u00e9geket k\u00f6sz\u00f6nti: <em>Dr. Gy\u00f6ngyi Major<\/em>, a Kort\u00e1rs N\u0151i Reflexi\u00f3k F\u00f3ruma eln\u00f6ke, az est h\u00e1zigazd\u00e1ja: <em>Judit J\u00f3zsa<\/em> ker\u00e1miaszobr\u00e1sz, m\u0171v\u00e9szett\u00f6rt\u00e9n\u00e9sz<br>2024 \u0151sz\u00e9n indul\u00f3 \u00faj sorozatunk c\u00edme: <strong>\u00c9letm\u00f3d \u00e9s anyagi kult\u00fara a Magyar Kir\u00e1lys\u00e1gban az \u00fajkorban<\/strong>.<\/p>\n\n\n\n<div style=\"height:50px\" aria-hidden=\"true\" class=\"wp-block-spacer\"><\/div>\n\n\n\n<p class=\"has-text-align-center\"><strong>Id\u0151pont: <\/strong><strong>2024. okt\u00f3ber 15.<\/strong><strong>, kedd,<\/strong><strong> 18 \u00f3ra<\/strong><\/p>\n\n\n\n<p class=\"has-text-align-center\"><strong>Helysz\u00edn: J\u00f3zsa Judit Gal\u00e9ria (1053 Budapest, V\u00e1rosh\u00e1z u. 1.)<\/strong><\/p>","protected":false},"excerpt":{"rendered":"<p>2024. okt\u00f3ber 15-\u00e9n, kedden 18 \u00f3rai kezdettel Dr. J. \u00dajv\u00e1ry Zsuzsanna: \u201dHol \u00e9ltek el\u0151deink? V\u00e1r, kast\u00e9ly, v\u00e1rosi \u00e9s falusi h\u00e1zak\u201d c. vet\u00edtettk\u00e9pes el\u0151ad\u00e1s\u00e1ra ker\u00fcl sor.<br \/>\n2024 \u0151sz\u00e9n indul\u00f3 \u00faj sorozatunk c\u00edme: \u00c9letm\u00f3d \u00e9s anyagi kult\u00fara a Magyar Kir\u00e1lys\u00e1gban az \u00fajkorban.<\/p>","protected":false},"author":1,"featured_media":4854,"comment_status":"closed","ping_status":"open","sticky":false,"template":"","format":"standard","meta":{"inline_featured_image":false,"footnotes":""},"categories":[9],"tags":[],"_links":{"self":[{"href":"http:\/\/www.femmeharmone.com\/eng\/wp-json\/wp\/v2\/posts\/4853"}],"collection":[{"href":"http:\/\/www.femmeharmone.com\/eng\/wp-json\/wp\/v2\/posts"}],"about":[{"href":"http:\/\/www.femmeharmone.com\/eng\/wp-json\/wp\/v2\/types\/post"}],"author":[{"embeddable":true,"href":"http:\/\/www.femmeharmone.com\/eng\/wp-json\/wp\/v2\/users\/1"}],"replies":[{"embeddable":true,"href":"http:\/\/www.femmeharmone.com\/eng\/wp-json\/wp\/v2\/comments?post=4853"}],"version-history":[{"count":6,"href":"http:\/\/www.femmeharmone.com\/eng\/wp-json\/wp\/v2\/posts\/4853\/revisions"}],"predecessor-version":[{"id":4861,"href":"http:\/\/www.femmeharmone.com\/eng\/wp-json\/wp\/v2\/posts\/4853\/revisions\/4861"}],"wp:featuredmedia":[{"embeddable":true,"href":"http:\/\/www.femmeharmone.com\/eng\/wp-json\/wp\/v2\/media\/4854"}],"wp:attachment":[{"href":"http:\/\/www.femmeharmone.com\/eng\/wp-json\/wp\/v2\/media?parent=4853"}],"wp:term":[{"taxonomy":"category","embeddable":true,"href":"http:\/\/www.femmeharmone.com\/eng\/wp-json\/wp\/v2\/categories?post=4853"},{"taxonomy":"post_tag","embeddable":true,"href":"http:\/\/www.femmeharmone.com\/eng\/wp-json\/wp\/v2\/tags?post=4853"}],"curies":[{"name":"wp","href":"https:\/\/api.w.org\/{rel}","templated":true}]}}