{"id":6229,"date":"2025-09-17T14:34:17","date_gmt":"2025-09-17T14:34:17","guid":{"rendered":"https:\/\/www.femmeharmone.com\/?p=6229"},"modified":"2025-09-17T14:34:19","modified_gmt":"2025-09-17T14:34:19","slug":"elszakadas-a-hazatol","status":"publish","type":"post","link":"http:\/\/www.femmeharmone.com\/eng\/blog\/2025\/09\/17\/elszakadas-a-hazatol\/","title":{"rendered":"Elszakad\u00e1s a haz\u00e1t\u00f3l"},"content":{"rendered":"<p>2025. szeptember 23-\u00e1n, kedden 18 \u00f3rai kezdettel <em>Dr. Zsuzsanna J. \u00dajv\u00e1ry<\/em>: <strong>\u201eElszakad\u00e1s a haz\u00e1t\u00f3l\u201d <\/strong>c\u00edmmel ker\u00fcl sor az \u00faj, \u201e<em>Az erd\u00e9lyi Fejedelems\u00e9g t\u00f6rt\u00e9nete<\/em>\u201d c. sorozat els\u0151 vet\u00edtettk\u00e9pes el\u0151ad\u00e1s\u00e1ra.<br><em>Dr. Zsuzsanna J. \u00dajv\u00e1ry<\/em> egyetemi docens (PPKE BTK), \u00e9s a Kort\u00e1rs N\u0151i Reflexi\u00f3k F\u00f3ruma tudom\u00e1nyos igazgat\u00f3ja 2025\u20132026-ban az Erd\u00e9lyi Fejedelems\u00e9g politikai, gazdas\u00e1gi \u00e9s t\u00e1rsadalomt\u00f6rt\u00e9net\u00e9t mutatja be havi egy el\u0151ad\u00e1s keret\u00e9ben.<br>A vend\u00e9geket k\u00f6sz\u00f6nti: <em>Dr. Gy\u00f6ngyi Major<\/em>, a Kort\u00e1rs N\u0151i Reflexi\u00f3k F\u00f3ruma eln\u00f6ke<br>Az est h\u00e1zigazd\u00e1ja: <em>Judit J\u00f3zsa<\/em> ker\u00e1miaszobr\u00e1sz, m\u0171v\u00e9szett\u00f6rt\u00e9n\u00e9sz<br>Az el\u0151ad\u00e1ssorozat a J\u00f3zsa Judit M\u0171v\u00e9szeti Alap\u00edtv\u00e1ny \u00e9s a Kort\u00e1rs N\u0151i Reflexi\u00f3k F\u00f3ruma egy\u00fcttm\u0171k\u00f6d\u00e9s\u00e9nek eredm\u00e9nyek\u00e9nt val\u00f3sul meg.<\/p>\n\n\n\n<p class=\"has-text-align-center\"><strong>Id\u0151pont: 2025. szeptember 23., kedd, 18 \u00f3ra<\/strong><\/p>\n\n\n\n<p class=\"has-text-align-center\"><strong>Helysz\u00edn: J\u00f3zsa Judit Gal\u00e9ria (1053 Budapest, V\u00e1rosh\u00e1z u. 1.)<\/strong><\/p>","protected":false},"excerpt":{"rendered":"<p>2025. szeptember 23-\u00e1n, kedden 18 \u00f3rai kezdettel Dr. J. \u00dajv\u00e1ry Zsuzsanna: \u201eElszakad\u00e1s a haz\u00e1t\u00f3l\u201d c\u00edmmel ker\u00fcl sor az \u00faj, \u201eAz erd\u00e9lyi Fejedelems\u00e9g t\u00f6rt\u00e9nete\u201d c. sorozat els\u0151 vet\u00edtettk\u00e9pes el\u0151ad\u00e1s\u00e1ra.<br \/>\nDr. J. \u00dajv\u00e1ry Zsuzsanna egyetemi docens (PPKE BTK), \u00e9s a Kort\u00e1rs N\u0151i Reflexi\u00f3k F\u00f3ruma tudom\u00e1nyos igazgat\u00f3ja 2025\u20132026-ban az Erd\u00e9lyi Fejedelems\u00e9g politikai, gazdas\u00e1gi \u00e9s t\u00e1rsadalomt\u00f6rt\u00e9net\u00e9t mutatja be havi egy el\u0151ad\u00e1s keret\u00e9ben.<\/p>\n<p>Id\u0151pont: 2025. szeptember 23., kedd, 18 \u00f3ra<br \/>\nHelysz\u00edn: J\u00f3zsa Judit Gal\u00e9ria (1053 Budapest, V\u00e1rosh\u00e1z u. 1.)<\/p>","protected":false},"author":1,"featured_media":6230,"comment_status":"closed","ping_status":"open","sticky":false,"template":"","format":"standard","meta":{"inline_featured_image":false,"footnotes":""},"categories":[9],"tags":[],"_links":{"self":[{"href":"http:\/\/www.femmeharmone.com\/eng\/wp-json\/wp\/v2\/posts\/6229"}],"collection":[{"href":"http:\/\/www.femmeharmone.com\/eng\/wp-json\/wp\/v2\/posts"}],"about":[{"href":"http:\/\/www.femmeharmone.com\/eng\/wp-json\/wp\/v2\/types\/post"}],"author":[{"embeddable":true,"href":"http:\/\/www.femmeharmone.com\/eng\/wp-json\/wp\/v2\/users\/1"}],"replies":[{"embeddable":true,"href":"http:\/\/www.femmeharmone.com\/eng\/wp-json\/wp\/v2\/comments?post=6229"}],"version-history":[{"count":1,"href":"http:\/\/www.femmeharmone.com\/eng\/wp-json\/wp\/v2\/posts\/6229\/revisions"}],"predecessor-version":[{"id":6231,"href":"http:\/\/www.femmeharmone.com\/eng\/wp-json\/wp\/v2\/posts\/6229\/revisions\/6231"}],"wp:featuredmedia":[{"embeddable":true,"href":"http:\/\/www.femmeharmone.com\/eng\/wp-json\/wp\/v2\/media\/6230"}],"wp:attachment":[{"href":"http:\/\/www.femmeharmone.com\/eng\/wp-json\/wp\/v2\/media?parent=6229"}],"wp:term":[{"taxonomy":"category","embeddable":true,"href":"http:\/\/www.femmeharmone.com\/eng\/wp-json\/wp\/v2\/categories?post=6229"},{"taxonomy":"post_tag","embeddable":true,"href":"http:\/\/www.femmeharmone.com\/eng\/wp-json\/wp\/v2\/tags?post=6229"}],"curies":[{"name":"wp","href":"https:\/\/api.w.org\/{rel}","templated":true}]}}