{"id":6327,"date":"2025-11-18T18:25:26","date_gmt":"2025-11-18T18:25:26","guid":{"rendered":"https:\/\/www.femmeharmone.com\/?p=6327"},"modified":"2025-11-27T17:41:10","modified_gmt":"2025-11-27T17:41:10","slug":"sponsa-mea-regina-nostra-kotetbemutato","status":"publish","type":"post","link":"http:\/\/www.femmeharmone.com\/eng\/blog\/2025\/11\/18\/sponsa-mea-regina-nostra-kotetbemutato\/","title":{"rendered":"Sponsa mea, Regina nostra \u2013 k\u00f6tetbemutat\u00f3"},"content":{"rendered":"<p class=\"has-text-align-center\"><strong><em>A k\u00f6tet lapjain nyomon k\u00f6vethetj\u00fck, hogyan form\u00e1lt\u00e1k a magyar kir\u00e1lyl\u00e1nyok az \u0151ket befogad\u00f3 udvarok vall\u00e1si, kultur\u00e1lis \u00e9s politikai \u00e9let\u00e9t, \u00e9s hogyan vitt\u00e9k magukkal messze f\u00f6ldekre a magyar dinasztikus szellemi \u00f6r\u00f6ks\u00e9get.<\/em><\/strong><\/p>\n\n\n\n<div style=\"height:50px\" aria-hidden=\"true\" class=\"wp-block-spacer\"><\/div>\n\n\n\n<p>K\u00f6sz\u00f6nt\u0151:&nbsp;<strong>Major Gy\u00f6ngyi<\/strong>, a Kort\u00e1rs N\u0151i Reflexi\u00f3k F\u00f3rum\u00e1nak eln\u00f6ke \u00e9s <strong>J. \u00dajv\u00e1ry Zsuzsanna<\/strong> t\u00f6rt\u00e9n\u00e9sz, a k\u00f6tet t\u00e1rsszerkeszt\u0151je<br>A k\u00f6tetet bemutatja:&nbsp;<strong>Madas Edit<\/strong> akad\u00e9mikus<br>Az \u00c1rp\u00e1dok eml\u00e9kezete: <strong>Prokopp M\u00e1ria<\/strong> az MMA rendes tagja<br><\/p>\n\n\n\n<p>R\u00e9szleteket l\u00e1thatunk <strong>Jankovics Marcell<\/strong> azonos c\u00edm\u0171 ismeretterjeszt\u0151 sorozat\u00e1b\u00f3l<br><\/p>\n\n\n\n<p>Zenei m\u0171sor:<br><strong>Ronnie Magala<\/strong> zongoram\u0171v\u00e9sz, zeneszerz\u0151<br><strong>Matk\u00f3csik \u00c9va<\/strong> \u00e9nekm\u0171v\u00e9sz<br>Ronnie Magala: Forever and Ever<br>Caccini: Amarilli<\/p>\n\n\n\n<div style=\"height:50px\" aria-hidden=\"true\" class=\"wp-block-spacer\"><\/div>\n\n\n\n<p class=\"has-text-align-center\">Id\u0151pont: 2025. november 25., kedd, 18 \u00f3ra<\/p>\n\n\n\n<p class=\"has-text-align-center\">Helysz\u00edn: PPKE&nbsp;&#8211; Szent II. J\u00e1nos P\u00e1l P\u00e1pa&nbsp;D\u00edszterem,<br>1088 Budapest, Szentkir\u00e1lyi utca 28.<\/p>","protected":false},"excerpt":{"rendered":"<p>A k\u00f6tet lapjain nyomon k\u00f6vethetj\u00fck, hogyan form\u00e1lt\u00e1k a magyar kir\u00e1lyl\u00e1nyok az \u0151ket befogad\u00f3 udvarok vall\u00e1si, kultur\u00e1lis \u00e9s politikai \u00e9let\u00e9t, \u00e9s hogyan vitt\u00e9k magukkal messze f\u00f6ldekre a magyar dinasztikus szellemi \u00f6r\u00f6ks\u00e9get.<\/p>\n<p>Id\u0151pont: 2025. november 25., kedd, 18 \u00f3ra<\/p>\n<p>Helysz\u00edn: PPKE\u00a0&#8211; Szent II. J\u00e1nos P\u00e1l P\u00e1pa\u00a0D\u00edszterem,<br \/>\n1088 Budapest, Szentkir\u00e1lyi utca 28.<\/p>","protected":false},"author":1,"featured_media":6328,"comment_status":"closed","ping_status":"open","sticky":false,"template":"","format":"standard","meta":{"inline_featured_image":false,"footnotes":""},"categories":[9],"tags":[],"_links":{"self":[{"href":"http:\/\/www.femmeharmone.com\/eng\/wp-json\/wp\/v2\/posts\/6327"}],"collection":[{"href":"http:\/\/www.femmeharmone.com\/eng\/wp-json\/wp\/v2\/posts"}],"about":[{"href":"http:\/\/www.femmeharmone.com\/eng\/wp-json\/wp\/v2\/types\/post"}],"author":[{"embeddable":true,"href":"http:\/\/www.femmeharmone.com\/eng\/wp-json\/wp\/v2\/users\/1"}],"replies":[{"embeddable":true,"href":"http:\/\/www.femmeharmone.com\/eng\/wp-json\/wp\/v2\/comments?post=6327"}],"version-history":[{"count":7,"href":"http:\/\/www.femmeharmone.com\/eng\/wp-json\/wp\/v2\/posts\/6327\/revisions"}],"predecessor-version":[{"id":6338,"href":"http:\/\/www.femmeharmone.com\/eng\/wp-json\/wp\/v2\/posts\/6327\/revisions\/6338"}],"wp:featuredmedia":[{"embeddable":true,"href":"http:\/\/www.femmeharmone.com\/eng\/wp-json\/wp\/v2\/media\/6328"}],"wp:attachment":[{"href":"http:\/\/www.femmeharmone.com\/eng\/wp-json\/wp\/v2\/media?parent=6327"}],"wp:term":[{"taxonomy":"category","embeddable":true,"href":"http:\/\/www.femmeharmone.com\/eng\/wp-json\/wp\/v2\/categories?post=6327"},{"taxonomy":"post_tag","embeddable":true,"href":"http:\/\/www.femmeharmone.com\/eng\/wp-json\/wp\/v2\/tags?post=6327"}],"curies":[{"name":"wp","href":"https:\/\/api.w.org\/{rel}","templated":true}]}}