{"id":945,"date":"2022-01-28T22:01:16","date_gmt":"2022-01-28T22:01:16","guid":{"rendered":"https:\/\/www.femmeharmone.com\/?p=945"},"modified":"2023-06-28T17:42:08","modified_gmt":"2023-06-28T17:42:08","slug":"bucsu-cselenyi-istvan-gabor-atyatol","status":"publish","type":"post","link":"http:\/\/www.femmeharmone.com\/eng\/blog\/2022\/01\/28\/bucsu-cselenyi-istvan-gabor-atyatol\/","title":{"rendered":"B\u00facs\u00fa Csel\u00e9nyi Istv\u00e1n G\u00e1bor Aty\u00e1t\u00f3l"},"content":{"rendered":"<p>Ism\u00e9t szeg\u00e9nyebbek lett\u00fcnk egy tud\u00f3s nagy l\u00e9lekkel \u2013 Isten mag\u00e1hoz sz\u00f3l\u00edtotta mindig szorgos, ser\u00e9nyked\u0151, \u00e1m szer\u00e9nyen mag\u00e1t h\u00e1tt\u00e9rbe tol\u00f3 szolg\u00e1j\u00e1t, Istv\u00e1n Aty\u00e1t, aki mostant\u00f3l oda\u00e1t szolg\u00e1lja Teremt\u0151j\u00e9t.<\/p>\n<p>Csel\u00e9nyi Istv\u00e1n G\u00e1bor 1943-ban sz\u00fcletett Ny\u00edregyh\u00e1z\u00e1n, g\u00f6r\u00f6gkatolikus papi csal\u00e1dban. A P\u00e1zm\u00e1ny P\u00e9ter Hittudom\u00e1nyi Akad\u00e9mi\u00e1n v\u00e9gezte egyetemi tanulm\u00e1nyait, ahol 1966-ban filoz\u00f3fiai licenci\u00e1tust, 1967-ben pedig teol\u00f3giai doktor\u00e1tust szerzett summa cum laude min\u0151s\u00edt\u00e9ssel. 1970-ben szentelt\u00e9k papp\u00e1. 1970 \u00e9s 1971 k\u00f6z\u00f6tt V\u00e9rtesen helyettes lelk\u00e9szk\u00e9nt, 1971 \u00e9s 1976 k\u00f6z\u00f6tt a R\u00f3zs\u00e1k Ter\u00e9n a G\u00f6r\u00f6gkatolikus Templomban seg\u00e9dlelk\u00e9szk\u00e9nt szolg\u00e1lt. Istv\u00e1n Atya m\u00e1r ekkor eljegyezte mag\u00e1t a tudom\u00e1nyos munk\u00e1val, hiszen ebben az id\u0151ben a <em>Teol\u00f3gia<\/em> olvas\u00f3szerkeszt\u0151je volt. Budapesti \u00e9vei ut\u00e1n ism\u00e9t v\u00e1ll\u00e1ra vette a v\u00e1ndorbotot, hiszen t\u00f6bb vid\u00e9ki sz\u00f3rv\u00e1ny-, ill. kisebb-nagyobb g\u00f6r\u00f6gkatolikus k\u00f6z\u00f6ss\u00e9gben szolg\u00e1lt. Huzamosabb id\u0151t t\u00f6lt\u00f6tt el Ny\u00edrsz\u0151l\u0151s\u00f6n (1982\u20131999), ahol par\u00f3chusk\u00e9nt par\u00f3ki\u00e1t \u00e9s k\u00e1poln\u00e1t \u00e9p\u00edtett, majd Esztergomban 1999 \u00e9s 2016 k\u00f6z\u00f6tt. K\u00f6zben lelk\u00e9szk\u00e9nt nyug\u00e1llom\u00e1nyba vonult, de szent hivat\u00e1s\u00e1t sosem hagyta abba. M\u00e1r t\u00fal az Aranymis\u00e9j\u00e9n, 2022. janu\u00e1r 16-\u00e1n m\u00e9g mis\u00e9zett, amikor harmadnapra \u00f6r\u00f6kre lehunyta szem\u00e9t\u2026<\/p>\n<p>1983-ban indult a ny\u00edregyh\u00e1zi Szent Athan\u00e1z G\u00f6r\u00f6gkatolikus Hittudom\u00e1nyi F\u0151iskola,ahol Istv\u00e1n Atya hittant, vall\u00e1st\u00f6rt\u00e9netet, latint \u00e9s liturgikus \u00e9neket tan\u00edtott. E mellett a Teol\u00f3gia Levelez\u0151 Tagozat\u00e1n \u00e9s a Bessenyei Gy\u00f6rgy Tan\u00e1rk\u00e9pz\u0151 F\u0151iskola hittan\u00e1ri szak\u00e1n is oktatott. Csel\u00e9nyi Istv\u00e1n sokoldal\u00fas\u00e1g\u00e1ra \u00e9s nyitotts\u00e1g\u00e1ra jellemz\u0151en a DOTE Ny\u00edregyh\u00e1zi Eg\u00e9szs\u00e9g\u00fcgyi F\u0151iskola Szoci\u00e1lis Munk\u00e1s Szakj\u00e1nak k\u00e9pz\u00e9si munk\u00e1j\u00e1ba is bekapcsol\u00f3dott, majd a T\u00e1rsadalomtudom\u00e1nyi Tansz\u00e9ket is vezette. Mindezek mellett 1999-t\u0151l a Vit\u00e9z J\u00e1nos R\u00f3mai Katolikus Tan\u00edt\u00f3k\u00e9pz\u0151 F\u0151iskol\u00e1n f\u0151\u00e1ll\u00e1sban, f\u0151iskolai tan\u00e1rk\u00e9nt, oktatott filoz\u00f3fi\u00e1t, hittan- \u00e9s szociol\u00f3giai t\u00e1rgyakat, de a Debreceni Egyetem \u00e9s a P\u00e1zm\u00e1ny P\u00e9ter Katolikus Egyetem B\u00f6lcs\u00e9szettudom\u00e1nyi Kar\u00e1nak hallgat\u00f3i is megismerhett\u00e9k egyetemi kurzusait.<\/p>\n<p>Csel\u00e9nyi Istv\u00e1n Atya tudom\u00e1nyos m\u0171k\u00f6d\u00e9se nagym\u00e9rt\u00e9kben k\u00f6t\u0151dika k\u00fclf\u00f6ldh\u00f6z. 1974-ben tagja lett a r\u00f3mai sz\u00e9khely\u0171 Nemzetk\u00f6zi Aquin\u00f3i Szent Tam\u00e1s T\u00e1rsas\u00e1gnak, ahol t\u00f6bbsz\u00f6r is r\u00e9szt vett tomista kongresszuson, \u00e9s publik\u00e1lt n\u00e9met, olasz \u00e9s angol nyelven tanulm\u00e1nyokat. 1989 \u00f3ta tagja az Amerikai Katolikus Filoz\u00f3fiai T\u00e1rsas\u00e1gnak. 2002-t\u0151l a Nemzetk\u00f6zi Aquin\u00f3i Szent Tam\u00e1s T\u00e1rsas\u00e1g magyar tagozat\u00e1nak igazgat\u00f3ja, 2003-t\u00f3l eln\u00f6ke, majd az \u00f6n\u00e1ll\u00f3 Magyarorsz\u00e1gi Szent Tam\u00e1s T\u00e1rsas\u00e1g megalakul\u00e1sa nyom\u00e1n, 2004-ben annak eln\u00f6ke is lett. 2004-ben a r\u00f3mai Szent Tam\u00e1s P\u00e1pai Akad\u00e9mia (Pontificia Accademia di San Tommaso) Filoz\u00f3fiai Oszt\u00e1lya tudom\u00e1nyos munk\u00e1ss\u00e1ga alapj\u00e1n levelez\u0151 tagj\u00e1v\u00e1 v\u00e1lasztotta.<\/p>\n<p>1997 szeptember\u00e9ben kandid\u00e1tusi min\u0151s\u00edt\u00e9st szerzett szociol\u00f3gi\u00e1b\u00f3l. 2001-ben habilit\u00e1lt doktori c\u00edmet nyert a Debreceni Egyetem B\u00f6lcs\u00e9szettudom\u00e1nyi Kar\u00e1n nyelv\u00e9szeti-filoz\u00f3fia t\u00e1rgyk\u00f6rben. Nyugd\u00edjba vonul\u00e1sa ut\u00e1n a P\u00e1zm\u00e1ny P\u00e9ter Katolikus Egyetem professzor emeritusak\u00e9nt \u00fajult er\u0151vel vetette bele mag\u00e1t a filoz\u00f3fiai \u00e9s a teol\u00f3giai kutat\u00e1sokba, kiv\u00e1ltk\u00e9ppen a szenth\u00e1roms\u00e1gtan \u00e9s a Szentl\u00e9lekr\u0151l val\u00f3 tan\u00edt\u00e1s m\u00e9lys\u00e9geinek felt\u00e1r\u00e1s\u00e1ba.<\/p>\n<p>Tudom\u00e1nyos munk\u00e1ss\u00e1g\u00e1t f\u00e9mjelzi egy olasz, k\u00e9t angol nyelv\u0171 \u00e9s tizenh\u00e1rom magyar nyelv\u0171 szakmunka, e mellett sz\u00e1mos cikk \u00edr\u00f3ja, ill. tudom\u00e1nyos kiadv\u00e1ny szerkeszt\u0151je. Legutolj\u00e1ra&nbsp; a Kort\u00e1rs N\u0151i Reflexi\u00f3k F\u00f3ruma <em>Sophia Sacra<\/em> sorozatind\u00edt\u00f3jak\u00e9nt jelent meg <em>A Szentl\u00e9lek anyai arca <\/em>c. munk\u00e1ja, \u00e9ppen a Nemzetk\u00f6zi Eucharisztikus Kongresszus tisztelet\u00e9re. A Kort\u00e1rs N\u0151i Reflexi\u00f3k Kutat\u00f3int\u00e9zete tervbe vette a k\u00f6tet angol nyelv\u0171 megjelentet\u00e9s\u00e9t is Dominic White el\u0151szav\u00e1val.<\/p>\n<p>Csel\u00e9nyi Istv\u00e1n G\u00e1bor 1988-ban Pro Cultura Hungariae kit\u00fcntet\u00e9st, majd t\u00edz \u00e9vvel k\u00e9s\u0151bb a Magyar Tudom\u00e1nyos Akad\u00e9mia Szabolcs-Szatm\u00e1r-Bereg Megyei Tudom\u00e1nyos Test\u00fclet\u00e9nek L\u00f3nyay Menyh\u00e9rt Eml\u00e9k\u00e9rm\u00e9t nyerte el tudom\u00e1nyszervez\u0151i munk\u00e1j\u00e1nak elismer\u00e9sek\u00e9nt.<\/p>\n<p>A halk szav\u00fa, j\u00f3s\u00e1gos tekintet\u0171 tud\u00f3s lelk\u00e9szt\u0151l nemcsak feles\u00e9ge, fiai, unok\u00e1i, hanem sok-sok tud\u00f3s papt\u00e1rsa, koll\u00e9g\u00e1i, munkat\u00e1rsai \u00e9s tan\u00edtv\u00e1nyai is b\u00facs\u00faznak, akik szerett\u00e9k \u00e9s tisztelt\u00e9k. T\u00e1voz\u00e1s\u00e1val nagy \u0171rt hagy maga ut\u00e1n \u2013 ugyan Halhatatlan Lelke Istenn\u00e9l van, de szellemis\u00e9ge, tan\u00edt\u00e1sa \u00e9s mosolyg\u00f3s arc\u00e1nak sziluettje itt marad k\u00f6z\u00f6tt\u00fcnk \u2026.<\/p>\n<p style=\"text-align: right\">J. \u00dajv\u00e1ry Zsuzsanna<\/p>\n<p style=\"text-align: right\">KNRF, tud. f\u0151munkat\u00e1rs<\/p>","protected":false},"excerpt":{"rendered":"<p>Ism\u00e9t szeg\u00e9nyebbek lett\u00fcnk egy tud\u00f3s nagy l\u00e9lekkel \u2013 Isten mag\u00e1hoz sz\u00f3l\u00edtotta mindig szorgos, ser\u00e9nyked\u0151, \u00e1m szer\u00e9nyen mag\u00e1t h\u00e1tt\u00e9rbe tol\u00f3 szolg\u00e1j\u00e1t, Istv\u00e1n Aty\u00e1t, aki mostant\u00f3l oda\u00e1t szolg\u00e1lja Teremt\u0151j\u00e9t. Csel\u00e9nyi Istv\u00e1n G\u00e1bor 1943-ban sz\u00fcletett Ny\u00edregyh\u00e1z\u00e1n, g\u00f6r\u00f6gkatolikus papi csal\u00e1dban. A P\u00e1zm\u00e1ny P\u00e9ter Hittudom\u00e1nyi Akad\u00e9mi\u00e1n v\u00e9gezte egyetemi tanulm\u00e1nyait, ahol 1966-ban filoz\u00f3fiai licenci\u00e1tust, 1967-ben pedig teol\u00f3giai doktor\u00e1tust szerzett summa cum&hellip;<\/p>","protected":false},"author":1,"featured_media":948,"comment_status":"closed","ping_status":"closed","sticky":false,"template":"","format":"standard","meta":{"inline_featured_image":false,"footnotes":""},"categories":[9],"tags":[],"_links":{"self":[{"href":"http:\/\/www.femmeharmone.com\/eng\/wp-json\/wp\/v2\/posts\/945"}],"collection":[{"href":"http:\/\/www.femmeharmone.com\/eng\/wp-json\/wp\/v2\/posts"}],"about":[{"href":"http:\/\/www.femmeharmone.com\/eng\/wp-json\/wp\/v2\/types\/post"}],"author":[{"embeddable":true,"href":"http:\/\/www.femmeharmone.com\/eng\/wp-json\/wp\/v2\/users\/1"}],"replies":[{"embeddable":true,"href":"http:\/\/www.femmeharmone.com\/eng\/wp-json\/wp\/v2\/comments?post=945"}],"version-history":[{"count":3,"href":"http:\/\/www.femmeharmone.com\/eng\/wp-json\/wp\/v2\/posts\/945\/revisions"}],"predecessor-version":[{"id":1648,"href":"http:\/\/www.femmeharmone.com\/eng\/wp-json\/wp\/v2\/posts\/945\/revisions\/1648"}],"wp:featuredmedia":[{"embeddable":true,"href":"http:\/\/www.femmeharmone.com\/eng\/wp-json\/wp\/v2\/media\/948"}],"wp:attachment":[{"href":"http:\/\/www.femmeharmone.com\/eng\/wp-json\/wp\/v2\/media?parent=945"}],"wp:term":[{"taxonomy":"category","embeddable":true,"href":"http:\/\/www.femmeharmone.com\/eng\/wp-json\/wp\/v2\/categories?post=945"},{"taxonomy":"post_tag","embeddable":true,"href":"http:\/\/www.femmeharmone.com\/eng\/wp-json\/wp\/v2\/tags?post=945"}],"curies":[{"name":"wp","href":"https:\/\/api.w.org\/{rel}","templated":true}]}}