{"id":3689,"date":"2023-09-06T09:01:25","date_gmt":"2023-09-06T09:01:25","guid":{"rendered":"https:\/\/www.femmeharmone.com\/?p=3689"},"modified":"2023-09-06T09:02:01","modified_gmt":"2023-09-06T09:02:01","slug":"az-oszman-birodalom-felemelkedese-es-a-magyar-kiralysag-a-14-15-szazadban-hunyadi-janos-harcai-eloadas","status":"publish","type":"post","link":"https:\/\/www.femmeharmone.com\/eng\/blog\/2023\/09\/06\/az-oszman-birodalom-felemelkedese-es-a-magyar-kiralysag-a-14-15-szazadban-hunyadi-janos-harcai-eloadas\/","title":{"rendered":"\u201eAz Oszm\u00e1n Birodalom felemelked\u00e9se \u00e9s a Magyar Kir\u00e1lys\u00e1g a 14-15. sz\u00e1zadban, Hunyadi J\u00e1nos harcai\u201d \u2013 el\u0151ad\u00e1s"},"content":{"rendered":"<div style=\"height:100px\" aria-hidden=\"true\" class=\"wp-block-spacer\"><\/div>\n\n\n\n<p>2023. szeptember 26-\u00e1n, kedden 18 \u00f3rai kezdettel <em>dr. J. \u00dajv\u00e1ry Zsuzsanna<\/em>: \u201e<strong>Az Oszm\u00e1n Birodalom felemelked\u00e9se \u00e9s a Magyar Kir\u00e1lys\u00e1g a 14-15. sz\u00e1zadban, Hunyadi J\u00e1nos harcai<\/strong>\u201d c. vet\u00edtettk\u00e9pes el\u0151ad\u00e1s\u00e1ra ker\u00fcl sor a J\u00f3zsa Judit Gal\u00e9ri\u00e1ban. <br>A felk\u00e9rt el\u0151ad\u00f3: <em>Dr. Zsuzsanna J. \u00dajv\u00e1ry<\/em> t\u00f6rt\u00e9n\u00e9sz, a P\u00e1zm\u00e1ny P\u00e9ter Katolikus Egyetem T\u00f6rt\u00e9nettudom\u00e1nyi Doktori Iskol\u00e1j\u00e1nak tan\u00e1ra, a Kort\u00e1rs N\u0151i Reflexi\u00f3k F\u00f3ruma tudom\u00e1nyos igazgat\u00f3ja. <br>A vend\u00e9geket k\u00f6sz\u00f6nti: <em>Dr. Gy\u00f6ngyi Major<\/em>, a Kort\u00e1rs N\u0151i Reflexi\u00f3k F\u00f3ruma eln\u00f6ke. <br>Az est h\u00e1zigazd\u00e1ja: <em>Judit J\u00f3zsa<\/em> ker\u00e1miaszobr\u00e1sz, m\u0171v\u00e9szett\u00f6rt\u00e9n\u00e9sz. <br>A J\u00f3zsa Judit M\u0171v\u00e9szeti Alap\u00edtv\u00e1ny \u00e9s a Kort\u00e1rs N\u0151i Reflexi\u00f3k F\u00f3ruma egy\u00fcttm\u0171k\u00f6d\u00e9s\u00e9nek eredm\u00e9nyek\u00e9nt a kor\u00e1bbi a <strong>N\u0151k a magyar t\u00f6rt\u00e9nelemben<\/strong> c. rendezv\u00e9nysorozatot dr. J. \u00dajv\u00e1ry Zsuzsanna egyetemi docens, t\u00f6rt\u00e9n\u00e9sz szervez\u00e9s\u00e9ben 2022 janu\u00e1rj\u00e1ban ind\u00edtottuk. <\/p>","protected":false},"excerpt":{"rendered":"<p>2023. szeptember 26-\u00e1n, kedden 18 \u00f3rai kezdettel dr. J. \u00dajv\u00e1ry Zsuzsanna: \u201eAz Oszm\u00e1n Birodalom felemelked\u00e9se \u00e9s a Magyar Kir\u00e1lys\u00e1g a 14-15. sz\u00e1zadban, Hunyadi J\u00e1nos harcai\u201d c. vet\u00edtettk\u00e9pes el\u0151ad\u00e1s\u00e1ra ker\u00fcl sor a J\u00f3zsa Judit Gal\u00e9ri\u00e1ban. A felk\u00e9rt el\u0151ad\u00f3: Dr. J. \u00dajv\u00e1ry Zsuzsanna t\u00f6rt\u00e9n\u00e9sz, a P\u00e1zm\u00e1ny P\u00e9ter Katolikus Egyetem T\u00f6rt\u00e9nettudom\u00e1nyi Doktori Iskol\u00e1j\u00e1nak tan\u00e1ra, a Kort\u00e1rs N\u0151i Reflexi\u00f3k&hellip;<\/p>","protected":false},"author":1,"featured_media":3690,"comment_status":"closed","ping_status":"open","sticky":false,"template":"","format":"standard","meta":{"inline_featured_image":false,"footnotes":""},"categories":[9],"tags":[],"_links":{"self":[{"href":"https:\/\/www.femmeharmone.com\/eng\/wp-json\/wp\/v2\/posts\/3689"}],"collection":[{"href":"https:\/\/www.femmeharmone.com\/eng\/wp-json\/wp\/v2\/posts"}],"about":[{"href":"https:\/\/www.femmeharmone.com\/eng\/wp-json\/wp\/v2\/types\/post"}],"author":[{"embeddable":true,"href":"https:\/\/www.femmeharmone.com\/eng\/wp-json\/wp\/v2\/users\/1"}],"replies":[{"embeddable":true,"href":"https:\/\/www.femmeharmone.com\/eng\/wp-json\/wp\/v2\/comments?post=3689"}],"version-history":[{"count":2,"href":"https:\/\/www.femmeharmone.com\/eng\/wp-json\/wp\/v2\/posts\/3689\/revisions"}],"predecessor-version":[{"id":3692,"href":"https:\/\/www.femmeharmone.com\/eng\/wp-json\/wp\/v2\/posts\/3689\/revisions\/3692"}],"wp:featuredmedia":[{"embeddable":true,"href":"https:\/\/www.femmeharmone.com\/eng\/wp-json\/wp\/v2\/media\/3690"}],"wp:attachment":[{"href":"https:\/\/www.femmeharmone.com\/eng\/wp-json\/wp\/v2\/media?parent=3689"}],"wp:term":[{"taxonomy":"category","embeddable":true,"href":"https:\/\/www.femmeharmone.com\/eng\/wp-json\/wp\/v2\/categories?post=3689"},{"taxonomy":"post_tag","embeddable":true,"href":"https:\/\/www.femmeharmone.com\/eng\/wp-json\/wp\/v2\/tags?post=3689"}],"curies":[{"name":"wp","href":"https:\/\/api.w.org\/{rel}","templated":true}]}}